{"id":416,"date":"2014-08-12T20:37:53","date_gmt":"2014-08-12T19:37:53","guid":{"rendered":"http:\/\/www.brassaventure.fr\/?p=416"},"modified":"2016-08-21T17:29:28","modified_gmt":"2016-08-21T16:29:28","slug":"retour-sur-la-saison-2013-2014","status":"publish","type":"post","link":"https:\/\/www.brassaventure.fr\/?p=416","title":{"rendered":"Retrospective saison 2013-2014"},"content":{"rendered":"<p style=\"text-align: justify;\">Notre belle saison 2013-2014 a d\u00e9but\u00e9 \u00a0le<a title=\"Brassaventure en concert \u00e0 La C\u00f4te Saint Andr\u00e9\" href=\"http:\/\/www.brassaventure.fr\/?p=352\">\u00a0samedi 8 F\u00e9vrier \u00e0 La C\u00f4te Saint-Andr\u00e9 (Is\u00e8re)<\/a>\u00a0dans la patrie d&rsquo;Hector Berlioz. Nous avons eu le plaisir et le privil\u00e8ge d&rsquo;ouvrir les festivit\u00e9s pour la c\u00e9l\u00e9bration du 150\u00e8me anniversaire de\u00a0<a title=\"La Soci\u00e9t\u00e9 Philharmonique de La C\u00f4te Saint-Andr\u00e9, Is\u00e8re\" href=\"http:\/\/societe-philharmonique.fr\" target=\"_blank\">La Soci\u00e9t\u00e9 Philharmonique<\/a>.<\/p>\n<p style=\"text-align: justify;\" align=\"left\">Dans une ambiance chaleureuse et devant un public nombreux nous avons interpr\u00e9t\u00e9 des \u00a0\u0153uvres de Sparke, de Haan, Vaughan Williams. Ce premier concert de l&rsquo;ann\u00e9e 2014 fut aussi pour nous une exp\u00e9rience exceptionnelle de par la cr\u00e9ation d&rsquo;une pi\u00e8ce in\u00e9dite pour Euphonium solo et Brass Band. Compos\u00e9e par\u00a0<a href=\"http:\/\/www.loisirs-beaujolais.fr\/?Pierre-Antoine-SAVOYAT-Musicien-en\" target=\"autrepart\">Pierre-Antoine Savoyat<\/a>\u00a0et interpr\u00e9t\u00e9e avec brio par notre soliste Christine Rolland, Elegie et Furioso a enchant\u00e9 le public et prouv\u00e9 (si cela restait encore \u00e0 faire) que la musique contemporaine ne s&rsquo;adresse pas qu&rsquo;\u00e0 un petit nombre d&rsquo;initi\u00e9s.<\/p>\n<p style=\"text-align: justify;\" align=\"left\">Puis vint notre\u00a0<a title=\"Brassaventure en concert avec Eric Plant\u00e9 \/ le 23 mars \u00e0 Beaurepaire (38)\" href=\"http:\/\/www.brassaventure.fr\/?p=377\">concert du\u00a0dimanche 23 mars<\/a>, toujours en terre Dauphinoise, puisque nous nous produis\u00eemes\u00a0\u00e0 Beaurepaire \u00e0 l&rsquo;invitation de l&rsquo;\u00e9cole Intercommunale du Territoire de Beaurepaire \/ Ecole de Musique Manu Dibango. Ce fut pour nous\u00a0le plaisir et le privil\u00e8ge d&rsquo;accompagner Eric Plant\u00e9, trompettiste et concertiste prestigieux.<\/p>\n<p style=\"text-align: justify;\" align=\"left\">Et pour f\u00eater\u00a0ensemble l&rsquo;arriv\u00e9e des beaux jours, de l&rsquo;\u00e9t\u00e9 et de toutes ses passions ? Nous avons eu le plaisir d&rsquo;organiser un\u00a0concert-rencontre avec le\u00a0<a href=\"http:\/\/http:\/\/www.brassbanddurhone.sitew.com\/\" target=\"_blank\">Brass Band du Rh\u00f4ne\u00a0<\/a>(direction Mariana Delgadillo) le dimanche 15 juin \u00e0 19h00 (<a title=\"Concert-Rencontre avec le Brass Band du Rh\u00f4ne \/ Dimanche 15 juin 2014\" href=\"http:\/\/www.brassaventure.fr\/?p=395\" target=\"_blank\">plus d&rsquo;infos ici<\/a>). Un concert festif et cuivr\u00e9, beaucoup\u00a0d&rsquo;\u00e9nergie et de passion sur sc\u00e8ne, sous la baguette de nos deux chefs respectifs, Sylvain et Mariana. Un enthousiasme commun, le plaisir de jouer et de vous proposer un programme minutieusement\u00a0pr\u00e9par\u00e9 tous ensemble, croyez-moi on ne s&rsquo;est pas ennuy\u00e9s\u00a0!<\/p>\n<p style=\"text-align: justify;\" align=\"left\">Merci \u00e0 tous pour votre fid\u00e9lit\u00e9. Nous vous esp\u00e9rons toujours plus nombreux lors de nos concerts, venez partager notre passion \u00ab\u00a0made in brass\u00a0\u00bb et \u00a0rendez-vous sur ce site pour\u00a0suivre notre actualit\u00e9.<\/p>\n<p align=\"left\">\u00e0 tr\u00e8s bient\u00f4t,<\/p>\n<p align=\"left\"><em>Les Brassaventuriers<\/em><\/p>\n","protected":false},"excerpt":{"rendered":"<p>Notre belle saison 2013-2014 a d\u00e9but\u00e9 \u00a0le\u00a0samedi 8 F\u00e9vrier \u00e0 La C\u00f4te Saint-Andr\u00e9 (Is\u00e8re)\u00a0dans la patrie d&rsquo;Hector Berlioz. Nous avons eu le plaisir et le privil\u00e8ge d&rsquo;ouvrir les festivit\u00e9s pour &#8230;<\/p>\n","protected":false},"author":1,"featured_media":61,"comment_status":"closed","ping_status":"open","sticky":false,"template":"","format":"standard","meta":{"footnotes":""},"categories":[5],"tags":[],"class_list":["post-416","post","type-post","status-publish","format-standard","has-post-thumbnail","hentry","category-brass"],"_links":{"self":[{"href":"https:\/\/www.brassaventure.fr\/index.php?rest_route=\/wp\/v2\/posts\/416","targetHints":{"allow":["GET"]}}],"collection":[{"href":"https:\/\/www.brassaventure.fr\/index.php?rest_route=\/wp\/v2\/posts"}],"about":[{"href":"https:\/\/www.brassaventure.fr\/index.php?rest_route=\/wp\/v2\/types\/post"}],"author":[{"embeddable":true,"href":"https:\/\/www.brassaventure.fr\/index.php?rest_route=\/wp\/v2\/users\/1"}],"replies":[{"embeddable":true,"href":"https:\/\/www.brassaventure.fr\/index.php?rest_route=%2Fwp%2Fv2%2Fcomments&post=416"}],"version-history":[{"count":4,"href":"https:\/\/www.brassaventure.fr\/index.php?rest_route=\/wp\/v2\/posts\/416\/revisions"}],"predecessor-version":[{"id":450,"href":"https:\/\/www.brassaventure.fr\/index.php?rest_route=\/wp\/v2\/posts\/416\/revisions\/450"}],"wp:featuredmedia":[{"embeddable":true,"href":"https:\/\/www.brassaventure.fr\/index.php?rest_route=\/wp\/v2\/media\/61"}],"wp:attachment":[{"href":"https:\/\/www.brassaventure.fr\/index.php?rest_route=%2Fwp%2Fv2%2Fmedia&parent=416"}],"wp:term":[{"taxonomy":"category","embeddable":true,"href":"https:\/\/www.brassaventure.fr\/index.php?rest_route=%2Fwp%2Fv2%2Fcategories&post=416"},{"taxonomy":"post_tag","embeddable":true,"href":"https:\/\/www.brassaventure.fr\/index.php?rest_route=%2Fwp%2Fv2%2Ftags&post=416"}],"curies":[{"name":"wp","href":"https:\/\/api.w.org\/{rel}","templated":true}]}}