{"id":504,"date":"2016-02-21T17:39:16","date_gmt":"2016-02-21T16:39:16","guid":{"rendered":"http:\/\/www.brassaventure.fr\/?p=504"},"modified":"2018-04-12T16:22:44","modified_gmt":"2018-04-12T15:22:44","slug":"concert-avec-la-philharmonie-de-belleville-sur-saone","status":"publish","type":"post","link":"https:\/\/www.brassaventure.fr\/?p=504","title":{"rendered":"Concert avec la Philharmonie de Belleville (69) | 5 Mars 2016"},"content":{"rendered":"<p><a href=\"http:\/\/www.brassaventure.fr\/wp-content\/uploads\/2016\/02\/Affiche-Belleville2016BD.jpg\" rel=\"attachment wp-att-503\"><img loading=\"lazy\" decoding=\"async\" class=\" wp-image-503 alignleft\" src=\"http:\/\/www.brassaventure.fr\/wp-content\/uploads\/2016\/02\/Affiche-Belleville2016BD-212x300.jpg\" alt=\"Affiche-Belleville2016BD\" width=\"285\" height=\"403\" srcset=\"https:\/\/www.brassaventure.fr\/wp-content\/uploads\/2016\/02\/Affiche-Belleville2016BD-212x300.jpg 212w, https:\/\/www.brassaventure.fr\/wp-content\/uploads\/2016\/02\/Affiche-Belleville2016BD.jpg 400w\" sizes=\"auto, (max-width: 285px) 100vw, 285px\" \/><\/a><a href=\"http:\/\/www.brassaventure.fr\/wp-content\/uploads\/2016\/02\/theatre-la-grenette.jpg\" rel=\"attachment wp-att-510\"><img loading=\"lazy\" decoding=\"async\" class=\" wp-image-510 alignnone\" src=\"http:\/\/www.brassaventure.fr\/wp-content\/uploads\/2016\/02\/theatre-la-grenette-300x193.jpg\" alt=\"theatre la grenette\" width=\"271\" height=\"174\" srcset=\"https:\/\/www.brassaventure.fr\/wp-content\/uploads\/2016\/02\/theatre-la-grenette-300x193.jpg 300w, https:\/\/www.brassaventure.fr\/wp-content\/uploads\/2016\/02\/theatre-la-grenette-768x495.jpg 768w, https:\/\/www.brassaventure.fr\/wp-content\/uploads\/2016\/02\/theatre-la-grenette-1024x660.jpg 1024w, https:\/\/www.brassaventure.fr\/wp-content\/uploads\/2016\/02\/theatre-la-grenette.jpg 1293w\" sizes=\"auto, (max-width: 271px) 100vw, 271px\" \/><\/a><\/p>\n<p>Samedi 5 mars nous aurons le plaisir et l&rsquo;honneur de partager la sc\u00e8ne du th\u00e9\u00e2tre de Belleville\u00a0(69)\u00a0avec<br \/>\n<a href=\"http:\/\/la.philhar.free.fr\/\">La Philharmonie de Belleville<\/a> dirig\u00e9e par\u00a0<em><strong>Vincent Laibe<\/strong><\/em>.<\/p>\n<p>&nbsp;<\/p>\n<p>&nbsp;<\/p>\n<p>Nous vous attendons\u00a0nombreux pour ce premier concert de l&rsquo;ann\u00e9e 2016.<\/p>\n<p>R\u00e9servations : contact@brassaventure.fr ou directement aupr\u00e8s des musiciens de la Philarmonie.<\/p>\n<p>Entr\u00e9e : 8\u20ac tarif normal | 5\u20ac tarif r\u00e9duit | gratuit moins de 12 ans<\/p>\n<p>Samedi 5 mars 2016 &#8211; 20h30<br \/>\nTh\u00e9atre de La Grenette | Place de l&rsquo;Eglise | 69220 BELLEVILLE<\/p>\n","protected":false},"excerpt":{"rendered":"<p>Samedi 5 mars nous aurons le plaisir et l&rsquo;honneur de partager la sc\u00e8ne du th\u00e9\u00e2tre de Belleville\u00a0(69)\u00a0avec La Philharmonie de Belleville dirig\u00e9e par\u00a0Vincent Laibe. &nbsp; &nbsp; Nous vous attendons\u00a0nombreux pour &#8230;<\/p>\n","protected":false},"author":1,"featured_media":510,"comment_status":"closed","ping_status":"open","sticky":false,"template":"","format":"standard","meta":{"footnotes":""},"categories":[4],"tags":[],"class_list":["post-504","post","type-post","status-publish","format-standard","has-post-thumbnail","hentry","category-actualites"],"_links":{"self":[{"href":"https:\/\/www.brassaventure.fr\/index.php?rest_route=\/wp\/v2\/posts\/504","targetHints":{"allow":["GET"]}}],"collection":[{"href":"https:\/\/www.brassaventure.fr\/index.php?rest_route=\/wp\/v2\/posts"}],"about":[{"href":"https:\/\/www.brassaventure.fr\/index.php?rest_route=\/wp\/v2\/types\/post"}],"author":[{"embeddable":true,"href":"https:\/\/www.brassaventure.fr\/index.php?rest_route=\/wp\/v2\/users\/1"}],"replies":[{"embeddable":true,"href":"https:\/\/www.brassaventure.fr\/index.php?rest_route=%2Fwp%2Fv2%2Fcomments&post=504"}],"version-history":[{"count":12,"href":"https:\/\/www.brassaventure.fr\/index.php?rest_route=\/wp\/v2\/posts\/504\/revisions"}],"predecessor-version":[{"id":682,"href":"https:\/\/www.brassaventure.fr\/index.php?rest_route=\/wp\/v2\/posts\/504\/revisions\/682"}],"wp:featuredmedia":[{"embeddable":true,"href":"https:\/\/www.brassaventure.fr\/index.php?rest_route=\/wp\/v2\/media\/510"}],"wp:attachment":[{"href":"https:\/\/www.brassaventure.fr\/index.php?rest_route=%2Fwp%2Fv2%2Fmedia&parent=504"}],"wp:term":[{"taxonomy":"category","embeddable":true,"href":"https:\/\/www.brassaventure.fr\/index.php?rest_route=%2Fwp%2Fv2%2Fcategories&post=504"},{"taxonomy":"post_tag","embeddable":true,"href":"https:\/\/www.brassaventure.fr\/index.php?rest_route=%2Fwp%2Fv2%2Ftags&post=504"}],"curies":[{"name":"wp","href":"https:\/\/api.w.org\/{rel}","templated":true}]}}